{"id":1857,"date":"2021-04-08T10:41:43","date_gmt":"2021-04-08T08:41:43","guid":{"rendered":"https:\/\/x-pack.be\/?p=1857"},"modified":"2021-04-08T10:53:03","modified_gmt":"2021-04-08T08:53:03","slug":"forum-entreprise-virtuel-helmo-verviers","status":"publish","type":"post","link":"https:\/\/x-pack.be\/nl\/forum-entreprise-virtuel-helmo-verviers\/","title":{"rendered":"Virtueel Bedrijfsforum &#8211; HELMo Verviers"},"content":{"rendered":"\t\t<div data-elementor-type=\"wp-post\" data-elementor-id=\"1857\" class=\"elementor elementor-1857 elementor-1852\" data-elementor-post-type=\"post\">\n\t\t\t\t\t\t<section class=\"elementor-section elementor-top-section elementor-element elementor-element-8d4e6fa elementor-section-stretched elementor-section-height-min-height elementor-section-boxed elementor-section-height-default elementor-section-items-middle\" data-id=\"8d4e6fa\" data-element_type=\"section\" data-e-type=\"section\" data-settings=\"{&quot;stretch_section&quot;:&quot;section-stretched&quot;,&quot;background_background&quot;:&quot;classic&quot;}\">\n\t\t\t\t\t\t\t<div class=\"elementor-background-overlay\"><\/div>\n\t\t\t\t\t\t\t<div class=\"elementor-container elementor-column-gap-default\">\n\t\t\t\t\t<div class=\"elementor-column elementor-col-100 elementor-top-column elementor-element elementor-element-7fdf71e\" data-id=\"7fdf71e\" data-element_type=\"column\" data-e-type=\"column\">\n\t\t\t<div class=\"elementor-widget-wrap elementor-element-populated\">\n\t\t\t\t\t\t<div class=\"elementor-element elementor-element-36f1b6bb elementor-align-center elementor-widget elementor-widget-breadcrumbs\" data-id=\"36f1b6bb\" data-element_type=\"widget\" data-e-type=\"widget\" data-widget_type=\"breadcrumbs.default\">\n\t\t\t\t<div class=\"elementor-widget-container\">\n\t\t\t\t\t<p id=\"breadcrumbs\"><span><span><a href=\"https:\/\/x-pack.be\/nl\/\">Onthaal<\/a><\/span><\/span><\/p>\t\t\t\t<\/div>\n\t\t\t\t<\/div>\n\t\t\t\t\t<\/div>\n\t\t<\/div>\n\t\t\t\t\t<\/div>\n\t\t<\/section>\n\t\t\t\t<section class=\"elementor-section elementor-top-section elementor-element elementor-element-4634f38b elementor-section-boxed elementor-section-height-default elementor-section-height-default\" data-id=\"4634f38b\" data-element_type=\"section\" data-e-type=\"section\">\n\t\t\t\t\t\t<div class=\"elementor-container elementor-column-gap-default\">\n\t\t\t\t\t<div class=\"elementor-column elementor-col-100 elementor-top-column elementor-element elementor-element-121d3e42\" data-id=\"121d3e42\" data-element_type=\"column\" data-e-type=\"column\">\n\t\t\t<div class=\"elementor-widget-wrap elementor-element-populated\">\n\t\t\t\t\t\t\t<\/div>\n\t\t<\/div>\n\t\t\t\t\t<\/div>\n\t\t<\/section>\n\t\t\t\t<section class=\"elementor-section elementor-top-section elementor-element elementor-element-22e688b7 elementor-section-boxed elementor-section-height-default elementor-section-height-default\" data-id=\"22e688b7\" data-element_type=\"section\" data-e-type=\"section\">\n\t\t\t\t\t\t<div class=\"elementor-container elementor-column-gap-default\">\n\t\t\t\t\t<div class=\"elementor-column elementor-col-50 elementor-top-column elementor-element elementor-element-1faef1e0\" data-id=\"1faef1e0\" data-element_type=\"column\" data-e-type=\"column\" data-settings=\"{&quot;background_background&quot;:&quot;classic&quot;}\">\n\t\t\t<div class=\"elementor-widget-wrap elementor-element-populated\">\n\t\t\t\t\t\t<div class=\"elementor-element elementor-element-6f091240 elementor-invisible elementor-widget elementor-widget-text-editor\" data-id=\"6f091240\" data-element_type=\"widget\" data-e-type=\"widget\" data-settings=\"{&quot;_animation&quot;:&quot;fadeIn&quot;,&quot;_animation_delay&quot;:300}\" data-widget_type=\"text-editor.default\">\n\t\t\t\t<div class=\"elementor-widget-container\">\n\t\t\t\t\t\t\t\t\t<p>It is with great enthusiasm that X-Pack welcomed students from HELMo Verviers and participated in the Enterprise Forum dedicated to the plastics industry.<\/p><p>The aim of this event was among other things to highlight the existing links between the political, economic, social, environmental and educational worlds.<\/p>\t\t\t\t\t\t\t\t<\/div>\n\t\t\t\t<\/div>\n\t\t\t\t\t<\/div>\n\t\t<\/div>\n\t\t\t\t<div class=\"elementor-column elementor-col-50 elementor-top-column elementor-element elementor-element-36dd2d73\" data-id=\"36dd2d73\" data-element_type=\"column\" data-e-type=\"column\">\n\t\t\t<div class=\"elementor-widget-wrap elementor-element-populated\">\n\t\t\t\t\t\t<div class=\"elementor-element elementor-element-6c26e287 elementor-widget elementor-widget-image\" data-id=\"6c26e287\" data-element_type=\"widget\" data-e-type=\"widget\" data-widget_type=\"image.default\">\n\t\t\t\t<div class=\"elementor-widget-container\">\n\t\t\t\t\t\t\t\t\t\t\t\t\t\t\t\t<a href=\"https:\/\/x-pack.be\/wp-content\/uploads\/2021\/04\/helmo.jpg\" data-elementor-open-lightbox=\"yes\" data-elementor-lightbox-title=\"helmo\" data-e-action-hash=\"#elementor-action%3Aaction%3Dlightbox%26settings%3DeyJpZCI6MTg1NCwidXJsIjoiaHR0cHM6XC9cL3gtcGFjay5iZVwvd3AtY29udGVudFwvdXBsb2Fkc1wvMjAyMVwvMDRcL2hlbG1vLmpwZyJ9\">\n\t\t\t\t\t\t\t<img decoding=\"async\" src=\"https:\/\/x-pack.be\/wp-content\/uploads\/elementor\/thumbs\/helmo-q6ldiixoynm7q2fa3rbozd4fplcwr8gs35o2gnnczs.jpg\" title=\"helmo\" alt=\"helmo\" loading=\"lazy\" \/>\t\t\t\t\t\t\t\t<\/a>\n\t\t\t\t\t\t\t\t\t\t\t\t\t\t\t<\/div>\n\t\t\t\t<\/div>\n\t\t\t\t\t<\/div>\n\t\t<\/div>\n\t\t\t\t\t<\/div>\n\t\t<\/section>\n\t\t\t\t<section class=\"elementor-section elementor-top-section elementor-element elementor-element-4efe8bf4 elementor-section-boxed elementor-section-height-default elementor-section-height-default\" data-id=\"4efe8bf4\" data-element_type=\"section\" data-e-type=\"section\" data-settings=\"{&quot;background_background&quot;:&quot;classic&quot;}\">\n\t\t\t\t\t\t\t<div class=\"elementor-background-overlay\"><\/div>\n\t\t\t\t\t\t\t<div class=\"elementor-container elementor-column-gap-default\">\n\t\t\t\t\t<div class=\"elementor-column elementor-col-50 elementor-top-column elementor-element elementor-element-2faae246\" data-id=\"2faae246\" data-element_type=\"column\" data-e-type=\"column\">\n\t\t\t<div class=\"elementor-widget-wrap elementor-element-populated\">\n\t\t\t\t\t\t<div class=\"elementor-element elementor-element-745729c9 elementor-invisible elementor-widget elementor-widget-heading\" data-id=\"745729c9\" data-element_type=\"widget\" data-e-type=\"widget\" data-settings=\"{&quot;_animation&quot;:&quot;fadeIn&quot;,&quot;_animation_delay&quot;:100}\" data-widget_type=\"heading.default\">\n\t\t\t\t<div class=\"elementor-widget-container\">\n\t\t\t\t\t<h2 class=\"elementor-heading-title elementor-size-default\">Meer inlichtingen?<\/h2>\t\t\t\t<\/div>\n\t\t\t\t<\/div>\n\t\t\t\t\t<\/div>\n\t\t<\/div>\n\t\t\t\t<div class=\"elementor-column elementor-col-50 elementor-top-column elementor-element elementor-element-2bddf912\" data-id=\"2bddf912\" data-element_type=\"column\" data-e-type=\"column\">\n\t\t\t<div class=\"elementor-widget-wrap elementor-element-populated\">\n\t\t\t\t\t\t<div class=\"elementor-element elementor-element-7dc31bf3 elementor-align-right elementor-mobile-align-center elementor-invisible elementor-widget elementor-widget-button\" data-id=\"7dc31bf3\" data-element_type=\"widget\" data-e-type=\"widget\" data-settings=\"{&quot;_animation&quot;:&quot;fadeIn&quot;,&quot;_animation_delay&quot;:200}\" data-widget_type=\"button.default\">\n\t\t\t\t<div class=\"elementor-widget-container\">\n\t\t\t\t\t\t\t\t\t<div class=\"elementor-button-wrapper\">\n\t\t\t\t\t<a class=\"elementor-button elementor-button-link elementor-size-sm elementor-animation-grow\" href=\"https:\/\/x-pack.be\/nl\/contact\">\n\t\t\t\t\t\t<span class=\"elementor-button-content-wrapper\">\n\t\t\t\t\t\t\t\t\t<span class=\"elementor-button-text\">Contact ons<\/span>\n\t\t\t\t\t<\/span>\n\t\t\t\t\t<\/a>\n\t\t\t\t<\/div>\n\t\t\t\t\t\t\t\t<\/div>\n\t\t\t\t<\/div>\n\t\t\t\t\t<\/div>\n\t\t<\/div>\n\t\t\t\t\t<\/div>\n\t\t<\/section>\n\t\t\t\t<\/div>\n\t\t","protected":false},"excerpt":{"rendered":"<p>It is with great enthusiasm that X-Pack welcomed students from HELMo Verviers and participated in the Enterprise Forum dedicated to the plastics industry. The aim of this event was among other things to highlight the existing links between the political, economic, social, environmental and educational worlds. Meer inlichtingen? Contact ons<\/p>\n","protected":false},"author":2,"featured_media":1854,"comment_status":"closed","ping_status":"closed","sticky":false,"template":"","format":"standard","meta":{"neve_meta_sidebar":"","neve_meta_container":"","neve_meta_enable_content_width":"on","neve_meta_content_width":100,"neve_meta_title_alignment":"","neve_meta_author_avatar":"","neve_post_elements_order":"","neve_meta_disable_header":"","neve_meta_disable_footer":"","neve_meta_disable_title":"on","footnotes":""},"categories":[11],"tags":[],"class_list":["post-1857","post","type-post","status-publish","format-standard","has-post-thumbnail","hentry","category-geen-onderdeel-van-een-categorie"],"yoast_head":"<!-- This site is optimized with the Yoast SEO plugin v27.4 - https:\/\/yoast.com\/product\/yoast-seo-wordpress\/ -->\n<title>Virtueel Bedrijfsforum - HELMo Verviers - X-Pack<\/title>\n<meta name=\"robots\" content=\"index, follow, max-snippet:-1, max-image-preview:large, max-video-preview:-1\" \/>\n<link rel=\"canonical\" href=\"https:\/\/x-pack.be\/nl\/forum-entreprise-virtuel-helmo-verviers\/\" \/>\n<meta property=\"og:locale\" content=\"nl_NL\" \/>\n<meta property=\"og:type\" content=\"article\" \/>\n<meta property=\"og:title\" content=\"Virtueel Bedrijfsforum - HELMo Verviers - X-Pack\" \/>\n<meta property=\"og:description\" content=\"It is with great enthusiasm that X-Pack welcomed students from HELMo Verviers and participated in the Enterprise Forum dedicated to the plastics industry. The aim of this event was among other things to highlight the existing links between the political, economic, social, environmental and educational worlds. Meer inlichtingen? Contact ons\" \/>\n<meta property=\"og:url\" content=\"https:\/\/x-pack.be\/nl\/forum-entreprise-virtuel-helmo-verviers\/\" \/>\n<meta property=\"og:site_name\" content=\"X-Pack\" \/>\n<meta property=\"article:published_time\" content=\"2021-04-08T08:41:43+00:00\" \/>\n<meta property=\"article:modified_time\" content=\"2021-04-08T08:53:03+00:00\" \/>\n<meta property=\"og:image\" content=\"https:\/\/x-pack.be\/wp-content\/uploads\/2021\/04\/helmo.jpg\" \/>\n\t<meta property=\"og:image:width\" content=\"810\" \/>\n\t<meta property=\"og:image:height\" content=\"810\" \/>\n\t<meta property=\"og:image:type\" content=\"image\/jpeg\" \/>\n<meta name=\"author\" content=\"S\u00e9bastien Peutat\" \/>\n<meta name=\"twitter:card\" content=\"summary_large_image\" \/>\n<meta name=\"twitter:label1\" content=\"Geschreven door\" \/>\n\t<meta name=\"twitter:data1\" content=\"S\u00e9bastien Peutat\" \/>\n\t<meta name=\"twitter:label2\" content=\"Geschatte leestijd\" \/>\n\t<meta name=\"twitter:data2\" content=\"1 minuut\" \/>\n<script type=\"application\/ld+json\" class=\"yoast-schema-graph\">{\"@context\":\"https:\\\/\\\/schema.org\",\"@graph\":[{\"@type\":\"Article\",\"@id\":\"https:\\\/\\\/x-pack.be\\\/nl\\\/forum-entreprise-virtuel-helmo-verviers\\\/#article\",\"isPartOf\":{\"@id\":\"https:\\\/\\\/x-pack.be\\\/nl\\\/forum-entreprise-virtuel-helmo-verviers\\\/\"},\"author\":{\"name\":\"S\u00e9bastien Peutat\",\"@id\":\"https:\\\/\\\/x-pack.be\\\/nl\\\/#\\\/schema\\\/person\\\/17d4e5eae66864f868140bcc0ee15a7c\"},\"headline\":\"Virtueel Bedrijfsforum &#8211; HELMo Verviers\",\"datePublished\":\"2021-04-08T08:41:43+00:00\",\"dateModified\":\"2021-04-08T08:53:03+00:00\",\"mainEntityOfPage\":{\"@id\":\"https:\\\/\\\/x-pack.be\\\/nl\\\/forum-entreprise-virtuel-helmo-verviers\\\/\"},\"wordCount\":55,\"publisher\":{\"@id\":\"https:\\\/\\\/x-pack.be\\\/nl\\\/#organization\"},\"image\":{\"@id\":\"https:\\\/\\\/x-pack.be\\\/nl\\\/forum-entreprise-virtuel-helmo-verviers\\\/#primaryimage\"},\"thumbnailUrl\":\"https:\\\/\\\/x-pack.be\\\/wp-content\\\/uploads\\\/2021\\\/04\\\/helmo.jpg\",\"articleSection\":[\"Geen onderdeel van een categorie\"],\"inLanguage\":\"nl-NL\"},{\"@type\":\"WebPage\",\"@id\":\"https:\\\/\\\/x-pack.be\\\/nl\\\/forum-entreprise-virtuel-helmo-verviers\\\/\",\"url\":\"https:\\\/\\\/x-pack.be\\\/nl\\\/forum-entreprise-virtuel-helmo-verviers\\\/\",\"name\":\"Virtueel Bedrijfsforum - HELMo Verviers - X-Pack\",\"isPartOf\":{\"@id\":\"https:\\\/\\\/x-pack.be\\\/nl\\\/#website\"},\"primaryImageOfPage\":{\"@id\":\"https:\\\/\\\/x-pack.be\\\/nl\\\/forum-entreprise-virtuel-helmo-verviers\\\/#primaryimage\"},\"image\":{\"@id\":\"https:\\\/\\\/x-pack.be\\\/nl\\\/forum-entreprise-virtuel-helmo-verviers\\\/#primaryimage\"},\"thumbnailUrl\":\"https:\\\/\\\/x-pack.be\\\/wp-content\\\/uploads\\\/2021\\\/04\\\/helmo.jpg\",\"datePublished\":\"2021-04-08T08:41:43+00:00\",\"dateModified\":\"2021-04-08T08:53:03+00:00\",\"breadcrumb\":{\"@id\":\"https:\\\/\\\/x-pack.be\\\/nl\\\/forum-entreprise-virtuel-helmo-verviers\\\/#breadcrumb\"},\"inLanguage\":\"nl-NL\",\"potentialAction\":[{\"@type\":\"ReadAction\",\"target\":[\"https:\\\/\\\/x-pack.be\\\/nl\\\/forum-entreprise-virtuel-helmo-verviers\\\/\"]}]},{\"@type\":\"ImageObject\",\"inLanguage\":\"nl-NL\",\"@id\":\"https:\\\/\\\/x-pack.be\\\/nl\\\/forum-entreprise-virtuel-helmo-verviers\\\/#primaryimage\",\"url\":\"https:\\\/\\\/x-pack.be\\\/wp-content\\\/uploads\\\/2021\\\/04\\\/helmo.jpg\",\"contentUrl\":\"https:\\\/\\\/x-pack.be\\\/wp-content\\\/uploads\\\/2021\\\/04\\\/helmo.jpg\",\"width\":810,\"height\":810},{\"@type\":\"BreadcrumbList\",\"@id\":\"https:\\\/\\\/x-pack.be\\\/nl\\\/forum-entreprise-virtuel-helmo-verviers\\\/#breadcrumb\",\"itemListElement\":[{\"@type\":\"ListItem\",\"position\":1,\"name\":\"Onthaal\",\"item\":\"https:\\\/\\\/x-pack.be\\\/nl\\\/\"},{\"@type\":\"ListItem\",\"position\":2,\"name\":\"Virtueel Bedrijfsforum &#8211; HELMo Verviers\"}]},{\"@type\":\"WebSite\",\"@id\":\"https:\\\/\\\/x-pack.be\\\/nl\\\/#website\",\"url\":\"https:\\\/\\\/x-pack.be\\\/nl\\\/\",\"name\":\"X-Pack\",\"description\":\"Conception, d\u00e9veloppement et fabrication de pi\u00e8ces en produits expans\u00e9s moul\u00e9s.\",\"publisher\":{\"@id\":\"https:\\\/\\\/x-pack.be\\\/nl\\\/#organization\"},\"potentialAction\":[{\"@type\":\"SearchAction\",\"target\":{\"@type\":\"EntryPoint\",\"urlTemplate\":\"https:\\\/\\\/x-pack.be\\\/nl\\\/?s={search_term_string}\"},\"query-input\":{\"@type\":\"PropertyValueSpecification\",\"valueRequired\":true,\"valueName\":\"search_term_string\"}}],\"inLanguage\":\"nl-NL\"},{\"@type\":\"Organization\",\"@id\":\"https:\\\/\\\/x-pack.be\\\/nl\\\/#organization\",\"name\":\"X-Pack\",\"url\":\"https:\\\/\\\/x-pack.be\\\/nl\\\/\",\"logo\":{\"@type\":\"ImageObject\",\"inLanguage\":\"nl-NL\",\"@id\":\"https:\\\/\\\/x-pack.be\\\/nl\\\/#\\\/schema\\\/logo\\\/image\\\/\",\"url\":\"https:\\\/\\\/x-pack.be\\\/wp-content\\\/uploads\\\/2020\\\/06\\\/favicon-1.png\",\"contentUrl\":\"https:\\\/\\\/x-pack.be\\\/wp-content\\\/uploads\\\/2020\\\/06\\\/favicon-1.png\",\"width\":3334,\"height\":3334,\"caption\":\"X-Pack\"},\"image\":{\"@id\":\"https:\\\/\\\/x-pack.be\\\/nl\\\/#\\\/schema\\\/logo\\\/image\\\/\"},\"sameAs\":[\"https:\\\/\\\/www.linkedin.com\\\/company\\\/x-pack-be\"]},{\"@type\":\"Person\",\"@id\":\"https:\\\/\\\/x-pack.be\\\/nl\\\/#\\\/schema\\\/person\\\/17d4e5eae66864f868140bcc0ee15a7c\",\"name\":\"S\u00e9bastien Peutat\",\"image\":{\"@type\":\"ImageObject\",\"inLanguage\":\"nl-NL\",\"@id\":\"https:\\\/\\\/secure.gravatar.com\\\/avatar\\\/e4e925776f857e6ea6c453060bc09d1f20af09f343d04c77a8c59b7ab602b7ca?s=96&d=mm&r=g\",\"url\":\"https:\\\/\\\/secure.gravatar.com\\\/avatar\\\/e4e925776f857e6ea6c453060bc09d1f20af09f343d04c77a8c59b7ab602b7ca?s=96&d=mm&r=g\",\"contentUrl\":\"https:\\\/\\\/secure.gravatar.com\\\/avatar\\\/e4e925776f857e6ea6c453060bc09d1f20af09f343d04c77a8c59b7ab602b7ca?s=96&d=mm&r=g\",\"caption\":\"S\u00e9bastien Peutat\"}}]}<\/script>\n<!-- \/ Yoast SEO plugin. -->","yoast_head_json":{"title":"Virtueel Bedrijfsforum - HELMo Verviers - X-Pack","robots":{"index":"index","follow":"follow","max-snippet":"max-snippet:-1","max-image-preview":"max-image-preview:large","max-video-preview":"max-video-preview:-1"},"canonical":"https:\/\/x-pack.be\/nl\/forum-entreprise-virtuel-helmo-verviers\/","og_locale":"nl_NL","og_type":"article","og_title":"Virtueel Bedrijfsforum - HELMo Verviers - X-Pack","og_description":"It is with great enthusiasm that X-Pack welcomed students from HELMo Verviers and participated in the Enterprise Forum dedicated to the plastics industry. The aim of this event was among other things to highlight the existing links between the political, economic, social, environmental and educational worlds. Meer inlichtingen? Contact ons","og_url":"https:\/\/x-pack.be\/nl\/forum-entreprise-virtuel-helmo-verviers\/","og_site_name":"X-Pack","article_published_time":"2021-04-08T08:41:43+00:00","article_modified_time":"2021-04-08T08:53:03+00:00","og_image":[{"width":810,"height":810,"url":"https:\/\/x-pack.be\/wp-content\/uploads\/2021\/04\/helmo.jpg","type":"image\/jpeg"}],"author":"S\u00e9bastien Peutat","twitter_card":"summary_large_image","twitter_misc":{"Geschreven door":"S\u00e9bastien Peutat","Geschatte leestijd":"1 minuut"},"schema":{"@context":"https:\/\/schema.org","@graph":[{"@type":"Article","@id":"https:\/\/x-pack.be\/nl\/forum-entreprise-virtuel-helmo-verviers\/#article","isPartOf":{"@id":"https:\/\/x-pack.be\/nl\/forum-entreprise-virtuel-helmo-verviers\/"},"author":{"name":"S\u00e9bastien Peutat","@id":"https:\/\/x-pack.be\/nl\/#\/schema\/person\/17d4e5eae66864f868140bcc0ee15a7c"},"headline":"Virtueel Bedrijfsforum &#8211; HELMo Verviers","datePublished":"2021-04-08T08:41:43+00:00","dateModified":"2021-04-08T08:53:03+00:00","mainEntityOfPage":{"@id":"https:\/\/x-pack.be\/nl\/forum-entreprise-virtuel-helmo-verviers\/"},"wordCount":55,"publisher":{"@id":"https:\/\/x-pack.be\/nl\/#organization"},"image":{"@id":"https:\/\/x-pack.be\/nl\/forum-entreprise-virtuel-helmo-verviers\/#primaryimage"},"thumbnailUrl":"https:\/\/x-pack.be\/wp-content\/uploads\/2021\/04\/helmo.jpg","articleSection":["Geen onderdeel van een categorie"],"inLanguage":"nl-NL"},{"@type":"WebPage","@id":"https:\/\/x-pack.be\/nl\/forum-entreprise-virtuel-helmo-verviers\/","url":"https:\/\/x-pack.be\/nl\/forum-entreprise-virtuel-helmo-verviers\/","name":"Virtueel Bedrijfsforum - HELMo Verviers - X-Pack","isPartOf":{"@id":"https:\/\/x-pack.be\/nl\/#website"},"primaryImageOfPage":{"@id":"https:\/\/x-pack.be\/nl\/forum-entreprise-virtuel-helmo-verviers\/#primaryimage"},"image":{"@id":"https:\/\/x-pack.be\/nl\/forum-entreprise-virtuel-helmo-verviers\/#primaryimage"},"thumbnailUrl":"https:\/\/x-pack.be\/wp-content\/uploads\/2021\/04\/helmo.jpg","datePublished":"2021-04-08T08:41:43+00:00","dateModified":"2021-04-08T08:53:03+00:00","breadcrumb":{"@id":"https:\/\/x-pack.be\/nl\/forum-entreprise-virtuel-helmo-verviers\/#breadcrumb"},"inLanguage":"nl-NL","potentialAction":[{"@type":"ReadAction","target":["https:\/\/x-pack.be\/nl\/forum-entreprise-virtuel-helmo-verviers\/"]}]},{"@type":"ImageObject","inLanguage":"nl-NL","@id":"https:\/\/x-pack.be\/nl\/forum-entreprise-virtuel-helmo-verviers\/#primaryimage","url":"https:\/\/x-pack.be\/wp-content\/uploads\/2021\/04\/helmo.jpg","contentUrl":"https:\/\/x-pack.be\/wp-content\/uploads\/2021\/04\/helmo.jpg","width":810,"height":810},{"@type":"BreadcrumbList","@id":"https:\/\/x-pack.be\/nl\/forum-entreprise-virtuel-helmo-verviers\/#breadcrumb","itemListElement":[{"@type":"ListItem","position":1,"name":"Onthaal","item":"https:\/\/x-pack.be\/nl\/"},{"@type":"ListItem","position":2,"name":"Virtueel Bedrijfsforum &#8211; HELMo Verviers"}]},{"@type":"WebSite","@id":"https:\/\/x-pack.be\/nl\/#website","url":"https:\/\/x-pack.be\/nl\/","name":"X-Pack","description":"Conception, d\u00e9veloppement et fabrication de pi\u00e8ces en produits expans\u00e9s moul\u00e9s.","publisher":{"@id":"https:\/\/x-pack.be\/nl\/#organization"},"potentialAction":[{"@type":"SearchAction","target":{"@type":"EntryPoint","urlTemplate":"https:\/\/x-pack.be\/nl\/?s={search_term_string}"},"query-input":{"@type":"PropertyValueSpecification","valueRequired":true,"valueName":"search_term_string"}}],"inLanguage":"nl-NL"},{"@type":"Organization","@id":"https:\/\/x-pack.be\/nl\/#organization","name":"X-Pack","url":"https:\/\/x-pack.be\/nl\/","logo":{"@type":"ImageObject","inLanguage":"nl-NL","@id":"https:\/\/x-pack.be\/nl\/#\/schema\/logo\/image\/","url":"https:\/\/x-pack.be\/wp-content\/uploads\/2020\/06\/favicon-1.png","contentUrl":"https:\/\/x-pack.be\/wp-content\/uploads\/2020\/06\/favicon-1.png","width":3334,"height":3334,"caption":"X-Pack"},"image":{"@id":"https:\/\/x-pack.be\/nl\/#\/schema\/logo\/image\/"},"sameAs":["https:\/\/www.linkedin.com\/company\/x-pack-be"]},{"@type":"Person","@id":"https:\/\/x-pack.be\/nl\/#\/schema\/person\/17d4e5eae66864f868140bcc0ee15a7c","name":"S\u00e9bastien Peutat","image":{"@type":"ImageObject","inLanguage":"nl-NL","@id":"https:\/\/secure.gravatar.com\/avatar\/e4e925776f857e6ea6c453060bc09d1f20af09f343d04c77a8c59b7ab602b7ca?s=96&d=mm&r=g","url":"https:\/\/secure.gravatar.com\/avatar\/e4e925776f857e6ea6c453060bc09d1f20af09f343d04c77a8c59b7ab602b7ca?s=96&d=mm&r=g","contentUrl":"https:\/\/secure.gravatar.com\/avatar\/e4e925776f857e6ea6c453060bc09d1f20af09f343d04c77a8c59b7ab602b7ca?s=96&d=mm&r=g","caption":"S\u00e9bastien Peutat"}}]}},"_links":{"self":[{"href":"https:\/\/x-pack.be\/nl\/wp-json\/wp\/v2\/posts\/1857","targetHints":{"allow":["GET"]}}],"collection":[{"href":"https:\/\/x-pack.be\/nl\/wp-json\/wp\/v2\/posts"}],"about":[{"href":"https:\/\/x-pack.be\/nl\/wp-json\/wp\/v2\/types\/post"}],"author":[{"embeddable":true,"href":"https:\/\/x-pack.be\/nl\/wp-json\/wp\/v2\/users\/2"}],"replies":[{"embeddable":true,"href":"https:\/\/x-pack.be\/nl\/wp-json\/wp\/v2\/comments?post=1857"}],"version-history":[{"count":5,"href":"https:\/\/x-pack.be\/nl\/wp-json\/wp\/v2\/posts\/1857\/revisions"}],"predecessor-version":[{"id":1897,"href":"https:\/\/x-pack.be\/nl\/wp-json\/wp\/v2\/posts\/1857\/revisions\/1897"}],"wp:featuredmedia":[{"embeddable":true,"href":"https:\/\/x-pack.be\/nl\/wp-json\/wp\/v2\/media\/1854"}],"wp:attachment":[{"href":"https:\/\/x-pack.be\/nl\/wp-json\/wp\/v2\/media?parent=1857"}],"wp:term":[{"taxonomy":"category","embeddable":true,"href":"https:\/\/x-pack.be\/nl\/wp-json\/wp\/v2\/categories?post=1857"},{"taxonomy":"post_tag","embeddable":true,"href":"https:\/\/x-pack.be\/nl\/wp-json\/wp\/v2\/tags?post=1857"}],"curies":[{"name":"wp","href":"https:\/\/api.w.org\/{rel}","templated":true}]}}