{"id":2003,"date":"2021-06-11T11:30:33","date_gmt":"2021-06-11T09:30:33","guid":{"rendered":"https:\/\/x-pack.be\/la-nouvelle-generation-de-camions-daf\/"},"modified":"2021-06-11T12:36:27","modified_gmt":"2021-06-11T10:36:27","slug":"la-nouvelle-generation-de-camions-daf","status":"publish","type":"post","link":"https:\/\/x-pack.be\/en\/la-nouvelle-generation-de-camions-daf\/","title":{"rendered":"The DAF Trucks New Generation"},"content":{"rendered":"\t\t<div data-elementor-type=\"wp-post\" data-elementor-id=\"2003\" class=\"elementor elementor-2003 elementor-1988\" data-elementor-post-type=\"post\">\n\t\t\t\t\t\t<section class=\"elementor-section elementor-top-section elementor-element elementor-element-8d4e6fa elementor-section-stretched elementor-section-height-min-height elementor-section-boxed elementor-section-height-default elementor-section-items-middle\" data-id=\"8d4e6fa\" data-element_type=\"section\" data-e-type=\"section\" data-settings=\"{&quot;stretch_section&quot;:&quot;section-stretched&quot;,&quot;background_background&quot;:&quot;classic&quot;}\">\n\t\t\t\t\t\t\t<div class=\"elementor-background-overlay\"><\/div>\n\t\t\t\t\t\t\t<div class=\"elementor-container elementor-column-gap-default\">\n\t\t\t\t\t<div class=\"elementor-column elementor-col-100 elementor-top-column elementor-element elementor-element-7fdf71e\" data-id=\"7fdf71e\" data-element_type=\"column\" data-e-type=\"column\">\n\t\t\t<div class=\"elementor-widget-wrap elementor-element-populated\">\n\t\t\t\t\t\t<div class=\"elementor-element elementor-element-36f1b6bb elementor-align-center elementor-widget elementor-widget-breadcrumbs\" data-id=\"36f1b6bb\" data-element_type=\"widget\" data-e-type=\"widget\" data-widget_type=\"breadcrumbs.default\">\n\t\t\t\t<div class=\"elementor-widget-container\">\n\t\t\t\t\t<p id=\"breadcrumbs\"><span><span><a href=\"https:\/\/x-pack.be\/en\/\">Home<\/a><\/span><\/span><\/p>\t\t\t\t<\/div>\n\t\t\t\t<\/div>\n\t\t\t\t\t<\/div>\n\t\t<\/div>\n\t\t\t\t\t<\/div>\n\t\t<\/section>\n\t\t\t\t<section class=\"elementor-section elementor-top-section elementor-element elementor-element-4634f38b elementor-section-boxed elementor-section-height-default elementor-section-height-default\" data-id=\"4634f38b\" data-element_type=\"section\" data-e-type=\"section\">\n\t\t\t\t\t\t<div class=\"elementor-container elementor-column-gap-default\">\n\t\t\t\t\t<div class=\"elementor-column elementor-col-100 elementor-top-column elementor-element elementor-element-121d3e42\" data-id=\"121d3e42\" data-element_type=\"column\" data-e-type=\"column\">\n\t\t\t<div class=\"elementor-widget-wrap elementor-element-populated\">\n\t\t\t\t\t\t\t<\/div>\n\t\t<\/div>\n\t\t\t\t\t<\/div>\n\t\t<\/section>\n\t\t\t\t<section class=\"elementor-section elementor-top-section elementor-element elementor-element-22e688b7 elementor-section-boxed elementor-section-height-default elementor-section-height-default\" data-id=\"22e688b7\" data-element_type=\"section\" data-e-type=\"section\">\n\t\t\t\t\t\t<div class=\"elementor-container elementor-column-gap-default\">\n\t\t\t\t\t<div class=\"elementor-column elementor-col-50 elementor-top-column elementor-element elementor-element-1faef1e0\" data-id=\"1faef1e0\" data-element_type=\"column\" data-e-type=\"column\" data-settings=\"{&quot;background_background&quot;:&quot;classic&quot;}\">\n\t\t\t<div class=\"elementor-widget-wrap elementor-element-populated\">\n\t\t\t\t\t\t<div class=\"elementor-element elementor-element-6f091240 elementor-invisible elementor-widget elementor-widget-text-editor\" data-id=\"6f091240\" data-element_type=\"widget\" data-e-type=\"widget\" data-settings=\"{&quot;_animation&quot;:&quot;fadeIn&quot;,&quot;_animation_delay&quot;:300}\" data-widget_type=\"text-editor.default\">\n\t\t\t\t<div class=\"elementor-widget-container\">\n\t\t\t\t\t\t\t\t\t<p>Congratulations to\u00a0<a href=\"https:\/\/www.daf.com\/en\/news-and-media\/news-articles\/global\/2021\/q2\/daf-is-starting-the-future-with-an-entirely-new-line-up-of-trucks-short\">DAF<\/a> Trucks who has just unveiled its magnificent flagship. The first images of the brand new DAF XF, XG, XG+ 2022 truck have appeared on the net.<br \/>X-Pack is proud to be involved in this project for several months now and to make sure that everything is impeccable and shiny. Our transport trays and insert made of expanded polypropylene (EPP) keep sensitive components perfectly in place during transport.<\/p><p>They offer optimal protection during the logistics loop between\u00a0<a href=\"https:\/\/www.daf.com\/en\/news-and-media\/news-articles\/global\/2021\/q2\/daf-is-starting-the-future-with-an-entirely-new-line-up-of-trucks-short\">DAF<\/a>\u00a0and its subcontractors.<br \/>Each box or insert has been specifically designed by X-Pack to hold different parts of the cab or chassis.<br \/>They are very light but sturdy and therefore perfectly suited for use as reusable packaging (and can remain in service for years.)<\/p><p>This not only improves the environmental life cycle balance, but also reduces logistics costs.<\/p><p><iframe title=\"YouTube video player\" src=\"https:\/\/www.youtube.com\/embed\/WnT8sfo4RPU\" width=\"80\" height=\"315\" frameborder=\"0\" allowfullscreen=\"allowfullscreen\"><\/iframe><br \/><img decoding=\"async\" src=\"https:\/\/x-pack.be\/wp-content\/uploads\/2021\/06\/Source-DAF.png\" alt=\"Source image DAf\" \/><\/p>\t\t\t\t\t\t\t\t<\/div>\n\t\t\t\t<\/div>\n\t\t\t\t\t<\/div>\n\t\t<\/div>\n\t\t\t\t<div class=\"elementor-column elementor-col-50 elementor-top-column elementor-element elementor-element-36dd2d73\" data-id=\"36dd2d73\" data-element_type=\"column\" data-e-type=\"column\">\n\t\t\t<div class=\"elementor-widget-wrap elementor-element-populated\">\n\t\t\t\t\t\t<div class=\"elementor-element elementor-element-6c26e287 elementor-widget elementor-widget-image\" data-id=\"6c26e287\" data-element_type=\"widget\" data-e-type=\"widget\" data-widget_type=\"image.default\">\n\t\t\t\t<div class=\"elementor-widget-container\">\n\t\t\t\t\t\t\t\t\t\t\t\t\t\t\t\t<a href=\"https:\/\/x-pack.be\/wp-content\/uploads\/2021\/06\/DAF-truck-series-XF-XG-XGplus-scaled.jpg\" data-elementor-open-lightbox=\"yes\" data-elementor-lightbox-title=\"DAF truck series XF XG XGplus\" data-elementor-lightbox-description=\"source : \" data-e-action-hash=\"#elementor-action%3Aaction%3Dlightbox%26settings%3DeyJpZCI6MTk5MSwidXJsIjoiaHR0cHM6XC9cL3gtcGFjay5iZVwvd3AtY29udGVudFwvdXBsb2Fkc1wvMjAyMVwvMDZcL0RBRi10cnVjay1zZXJpZXMtWEYtWEctWEdwbHVzLXNjYWxlZC5qcGcifQ%3D%3D\">\n\t\t\t\t\t\t\t<img decoding=\"async\" src=\"https:\/\/x-pack.be\/wp-content\/uploads\/elementor\/thumbs\/DAF-truck-series-XF-XG-XGplus-scaled-q6ldiixsm7xt6avmc9vtqa5ho2n6wu6dy2y2tzi3yg.jpg\" title=\"DAF truck series XF XG XGplus\" alt=\"DAF truck series XF XG XGplus\" loading=\"lazy\" \/>\t\t\t\t\t\t\t\t<\/a>\n\t\t\t\t\t\t\t\t\t\t\t\t\t\t\t<\/div>\n\t\t\t\t<\/div>\n\t\t\t\t\t<\/div>\n\t\t<\/div>\n\t\t\t\t\t<\/div>\n\t\t<\/section>\n\t\t\t\t<section class=\"elementor-section elementor-top-section elementor-element elementor-element-4efe8bf4 elementor-section-boxed elementor-section-height-default elementor-section-height-default\" data-id=\"4efe8bf4\" data-element_type=\"section\" data-e-type=\"section\" data-settings=\"{&quot;background_background&quot;:&quot;classic&quot;}\">\n\t\t\t\t\t\t\t<div class=\"elementor-background-overlay\"><\/div>\n\t\t\t\t\t\t\t<div class=\"elementor-container elementor-column-gap-default\">\n\t\t\t\t\t<div class=\"elementor-column elementor-col-50 elementor-top-column elementor-element elementor-element-2faae246\" data-id=\"2faae246\" data-element_type=\"column\" data-e-type=\"column\">\n\t\t\t<div class=\"elementor-widget-wrap elementor-element-populated\">\n\t\t\t\t\t\t<div class=\"elementor-element elementor-element-745729c9 elementor-invisible elementor-widget elementor-widget-heading\" data-id=\"745729c9\" data-element_type=\"widget\" data-e-type=\"widget\" data-settings=\"{&quot;_animation&quot;:&quot;fadeIn&quot;,&quot;_animation_delay&quot;:100}\" data-widget_type=\"heading.default\">\n\t\t\t\t<div class=\"elementor-widget-container\">\n\t\t\t\t\t<h2 class=\"elementor-heading-title elementor-size-default\">More information<\/h2>\t\t\t\t<\/div>\n\t\t\t\t<\/div>\n\t\t\t\t\t<\/div>\n\t\t<\/div>\n\t\t\t\t<div class=\"elementor-column elementor-col-50 elementor-top-column elementor-element elementor-element-2bddf912\" data-id=\"2bddf912\" data-element_type=\"column\" data-e-type=\"column\">\n\t\t\t<div class=\"elementor-widget-wrap elementor-element-populated\">\n\t\t\t\t\t\t<div class=\"elementor-element elementor-element-7dc31bf3 elementor-align-right elementor-mobile-align-center elementor-invisible elementor-widget elementor-widget-button\" data-id=\"7dc31bf3\" data-element_type=\"widget\" data-e-type=\"widget\" data-settings=\"{&quot;_animation&quot;:&quot;fadeIn&quot;,&quot;_animation_delay&quot;:200}\" data-widget_type=\"button.default\">\n\t\t\t\t<div class=\"elementor-widget-container\">\n\t\t\t\t\t\t\t\t\t<div class=\"elementor-button-wrapper\">\n\t\t\t\t\t<a class=\"elementor-button elementor-button-link elementor-size-sm elementor-animation-grow\" href=\"https:\/\/x-pack.be\/en\/contact\">\n\t\t\t\t\t\t<span class=\"elementor-button-content-wrapper\">\n\t\t\t\t\t\t\t\t\t<span class=\"elementor-button-text\">Contact us<\/span>\n\t\t\t\t\t<\/span>\n\t\t\t\t\t<\/a>\n\t\t\t\t<\/div>\n\t\t\t\t\t\t\t\t<\/div>\n\t\t\t\t<\/div>\n\t\t\t\t\t<\/div>\n\t\t<\/div>\n\t\t\t\t\t<\/div>\n\t\t<\/section>\n\t\t\t\t<\/div>\n\t\t","protected":false},"excerpt":{"rendered":"<p>Congratulations to\u00a0DAF Trucks who has just unveiled its magnificent flagship. The first images of the brand new DAF XF, XG, XG+ 2022 truck have appeared on the net.X-Pack is proud to be involved in this project for several months now and to make sure that everything is impeccable and shiny. Our transport trays and insert&hellip;&nbsp;<a href=\"https:\/\/x-pack.be\/en\/la-nouvelle-generation-de-camions-daf\/\" rel=\"bookmark\">Read More &raquo;<span class=\"screen-reader-text\">The DAF Trucks New Generation<\/span><\/a><\/p>\n","protected":false},"author":2,"featured_media":2000,"comment_status":"closed","ping_status":"closed","sticky":false,"template":"elementor_theme","format":"standard","meta":{"neve_meta_sidebar":"","neve_meta_container":"","neve_meta_enable_content_width":"on","neve_meta_content_width":100,"neve_meta_title_alignment":"","neve_meta_author_avatar":"","neve_post_elements_order":"","neve_meta_disable_header":"","neve_meta_disable_footer":"","neve_meta_disable_title":"on","footnotes":""},"categories":[10],"tags":[],"class_list":["post-2003","post","type-post","status-publish","format-standard","has-post-thumbnail","hentry","category-uncategorized"],"yoast_head":"<!-- This site is optimized with the Yoast SEO plugin v27.4 - https:\/\/yoast.com\/product\/yoast-seo-wordpress\/ -->\n<title>The DAF Trucks New Generation - X-Pack<\/title>\n<meta name=\"robots\" content=\"index, follow, max-snippet:-1, max-image-preview:large, max-video-preview:-1\" \/>\n<link rel=\"canonical\" href=\"https:\/\/x-pack.be\/en\/la-nouvelle-generation-de-camions-daf\/\" \/>\n<meta property=\"og:locale\" content=\"en_US\" \/>\n<meta property=\"og:type\" content=\"article\" \/>\n<meta property=\"og:title\" content=\"The DAF Trucks New Generation - X-Pack\" \/>\n<meta property=\"og:description\" content=\"Congratulations to\u00a0DAF Trucks who has just unveiled its magnificent flagship. The first images of the brand new DAF XF, XG, XG+ 2022 truck have appeared on the net.X-Pack is proud to be involved in this project for several months now and to make sure that everything is impeccable and shiny. Our transport trays and insert&hellip;&nbsp;Read More &raquo;The DAF Trucks New Generation\" \/>\n<meta property=\"og:url\" content=\"https:\/\/x-pack.be\/en\/la-nouvelle-generation-de-camions-daf\/\" \/>\n<meta property=\"og:site_name\" content=\"X-Pack\" \/>\n<meta property=\"article:published_time\" content=\"2021-06-11T09:30:33+00:00\" \/>\n<meta property=\"article:modified_time\" content=\"2021-06-11T10:36:27+00:00\" \/>\n<meta property=\"og:image\" content=\"https:\/\/x-pack.be\/wp-content\/uploads\/2021\/06\/DAF-2-scaled.jpg\" \/>\n\t<meta property=\"og:image:width\" content=\"2560\" \/>\n\t<meta property=\"og:image:height\" content=\"1176\" \/>\n\t<meta property=\"og:image:type\" content=\"image\/jpeg\" \/>\n<meta name=\"author\" content=\"S\u00e9bastien Peutat\" \/>\n<meta name=\"twitter:card\" content=\"summary_large_image\" \/>\n<meta name=\"twitter:label1\" content=\"Written by\" \/>\n\t<meta name=\"twitter:data1\" content=\"S\u00e9bastien Peutat\" \/>\n\t<meta name=\"twitter:label2\" content=\"Est. reading time\" \/>\n\t<meta name=\"twitter:data2\" content=\"2 minutes\" \/>\n<script type=\"application\/ld+json\" class=\"yoast-schema-graph\">{\"@context\":\"https:\\\/\\\/schema.org\",\"@graph\":[{\"@type\":\"Article\",\"@id\":\"https:\\\/\\\/x-pack.be\\\/en\\\/la-nouvelle-generation-de-camions-daf\\\/#article\",\"isPartOf\":{\"@id\":\"https:\\\/\\\/x-pack.be\\\/en\\\/la-nouvelle-generation-de-camions-daf\\\/\"},\"author\":{\"name\":\"S\u00e9bastien Peutat\",\"@id\":\"https:\\\/\\\/x-pack.be\\\/en\\\/#\\\/schema\\\/person\\\/17d4e5eae66864f868140bcc0ee15a7c\"},\"headline\":\"The DAF Trucks New Generation\",\"datePublished\":\"2021-06-11T09:30:33+00:00\",\"dateModified\":\"2021-06-11T10:36:27+00:00\",\"mainEntityOfPage\":{\"@id\":\"https:\\\/\\\/x-pack.be\\\/en\\\/la-nouvelle-generation-de-camions-daf\\\/\"},\"wordCount\":146,\"publisher\":{\"@id\":\"https:\\\/\\\/x-pack.be\\\/en\\\/#organization\"},\"image\":{\"@id\":\"https:\\\/\\\/x-pack.be\\\/en\\\/la-nouvelle-generation-de-camions-daf\\\/#primaryimage\"},\"thumbnailUrl\":\"https:\\\/\\\/x-pack.be\\\/wp-content\\\/uploads\\\/2021\\\/06\\\/DAF-2-scaled.jpg\",\"inLanguage\":\"en-US\"},{\"@type\":\"WebPage\",\"@id\":\"https:\\\/\\\/x-pack.be\\\/en\\\/la-nouvelle-generation-de-camions-daf\\\/\",\"url\":\"https:\\\/\\\/x-pack.be\\\/en\\\/la-nouvelle-generation-de-camions-daf\\\/\",\"name\":\"The DAF Trucks New Generation - X-Pack\",\"isPartOf\":{\"@id\":\"https:\\\/\\\/x-pack.be\\\/en\\\/#website\"},\"primaryImageOfPage\":{\"@id\":\"https:\\\/\\\/x-pack.be\\\/en\\\/la-nouvelle-generation-de-camions-daf\\\/#primaryimage\"},\"image\":{\"@id\":\"https:\\\/\\\/x-pack.be\\\/en\\\/la-nouvelle-generation-de-camions-daf\\\/#primaryimage\"},\"thumbnailUrl\":\"https:\\\/\\\/x-pack.be\\\/wp-content\\\/uploads\\\/2021\\\/06\\\/DAF-2-scaled.jpg\",\"datePublished\":\"2021-06-11T09:30:33+00:00\",\"dateModified\":\"2021-06-11T10:36:27+00:00\",\"breadcrumb\":{\"@id\":\"https:\\\/\\\/x-pack.be\\\/en\\\/la-nouvelle-generation-de-camions-daf\\\/#breadcrumb\"},\"inLanguage\":\"en-US\",\"potentialAction\":[{\"@type\":\"ReadAction\",\"target\":[\"https:\\\/\\\/x-pack.be\\\/en\\\/la-nouvelle-generation-de-camions-daf\\\/\"]}]},{\"@type\":\"ImageObject\",\"inLanguage\":\"en-US\",\"@id\":\"https:\\\/\\\/x-pack.be\\\/en\\\/la-nouvelle-generation-de-camions-daf\\\/#primaryimage\",\"url\":\"https:\\\/\\\/x-pack.be\\\/wp-content\\\/uploads\\\/2021\\\/06\\\/DAF-2-scaled.jpg\",\"contentUrl\":\"https:\\\/\\\/x-pack.be\\\/wp-content\\\/uploads\\\/2021\\\/06\\\/DAF-2-scaled.jpg\",\"width\":2560,\"height\":1176},{\"@type\":\"BreadcrumbList\",\"@id\":\"https:\\\/\\\/x-pack.be\\\/en\\\/la-nouvelle-generation-de-camions-daf\\\/#breadcrumb\",\"itemListElement\":[{\"@type\":\"ListItem\",\"position\":1,\"name\":\"Home\",\"item\":\"https:\\\/\\\/x-pack.be\\\/en\\\/\"},{\"@type\":\"ListItem\",\"position\":2,\"name\":\"The DAF Trucks New Generation\"}]},{\"@type\":\"WebSite\",\"@id\":\"https:\\\/\\\/x-pack.be\\\/en\\\/#website\",\"url\":\"https:\\\/\\\/x-pack.be\\\/en\\\/\",\"name\":\"X-Pack\",\"description\":\"Conception, d\u00e9veloppement et fabrication de pi\u00e8ces en produits expans\u00e9s moul\u00e9s.\",\"publisher\":{\"@id\":\"https:\\\/\\\/x-pack.be\\\/en\\\/#organization\"},\"potentialAction\":[{\"@type\":\"SearchAction\",\"target\":{\"@type\":\"EntryPoint\",\"urlTemplate\":\"https:\\\/\\\/x-pack.be\\\/en\\\/?s={search_term_string}\"},\"query-input\":{\"@type\":\"PropertyValueSpecification\",\"valueRequired\":true,\"valueName\":\"search_term_string\"}}],\"inLanguage\":\"en-US\"},{\"@type\":\"Organization\",\"@id\":\"https:\\\/\\\/x-pack.be\\\/en\\\/#organization\",\"name\":\"X-Pack\",\"url\":\"https:\\\/\\\/x-pack.be\\\/en\\\/\",\"logo\":{\"@type\":\"ImageObject\",\"inLanguage\":\"en-US\",\"@id\":\"https:\\\/\\\/x-pack.be\\\/en\\\/#\\\/schema\\\/logo\\\/image\\\/\",\"url\":\"https:\\\/\\\/x-pack.be\\\/wp-content\\\/uploads\\\/2020\\\/06\\\/favicon-1.png\",\"contentUrl\":\"https:\\\/\\\/x-pack.be\\\/wp-content\\\/uploads\\\/2020\\\/06\\\/favicon-1.png\",\"width\":3334,\"height\":3334,\"caption\":\"X-Pack\"},\"image\":{\"@id\":\"https:\\\/\\\/x-pack.be\\\/en\\\/#\\\/schema\\\/logo\\\/image\\\/\"},\"sameAs\":[\"https:\\\/\\\/www.linkedin.com\\\/company\\\/x-pack-be\"]},{\"@type\":\"Person\",\"@id\":\"https:\\\/\\\/x-pack.be\\\/en\\\/#\\\/schema\\\/person\\\/17d4e5eae66864f868140bcc0ee15a7c\",\"name\":\"S\u00e9bastien Peutat\",\"image\":{\"@type\":\"ImageObject\",\"inLanguage\":\"en-US\",\"@id\":\"https:\\\/\\\/secure.gravatar.com\\\/avatar\\\/e4e925776f857e6ea6c453060bc09d1f20af09f343d04c77a8c59b7ab602b7ca?s=96&d=mm&r=g\",\"url\":\"https:\\\/\\\/secure.gravatar.com\\\/avatar\\\/e4e925776f857e6ea6c453060bc09d1f20af09f343d04c77a8c59b7ab602b7ca?s=96&d=mm&r=g\",\"contentUrl\":\"https:\\\/\\\/secure.gravatar.com\\\/avatar\\\/e4e925776f857e6ea6c453060bc09d1f20af09f343d04c77a8c59b7ab602b7ca?s=96&d=mm&r=g\",\"caption\":\"S\u00e9bastien Peutat\"}}]}<\/script>\n<!-- \/ Yoast SEO plugin. -->","yoast_head_json":{"title":"The DAF Trucks New Generation - X-Pack","robots":{"index":"index","follow":"follow","max-snippet":"max-snippet:-1","max-image-preview":"max-image-preview:large","max-video-preview":"max-video-preview:-1"},"canonical":"https:\/\/x-pack.be\/en\/la-nouvelle-generation-de-camions-daf\/","og_locale":"en_US","og_type":"article","og_title":"The DAF Trucks New Generation - X-Pack","og_description":"Congratulations to\u00a0DAF Trucks who has just unveiled its magnificent flagship. The first images of the brand new DAF XF, XG, XG+ 2022 truck have appeared on the net.X-Pack is proud to be involved in this project for several months now and to make sure that everything is impeccable and shiny. Our transport trays and insert&hellip;&nbsp;Read More &raquo;The DAF Trucks New Generation","og_url":"https:\/\/x-pack.be\/en\/la-nouvelle-generation-de-camions-daf\/","og_site_name":"X-Pack","article_published_time":"2021-06-11T09:30:33+00:00","article_modified_time":"2021-06-11T10:36:27+00:00","og_image":[{"width":2560,"height":1176,"url":"https:\/\/x-pack.be\/wp-content\/uploads\/2021\/06\/DAF-2-scaled.jpg","type":"image\/jpeg"}],"author":"S\u00e9bastien Peutat","twitter_card":"summary_large_image","twitter_misc":{"Written by":"S\u00e9bastien Peutat","Est. reading time":"2 minutes"},"schema":{"@context":"https:\/\/schema.org","@graph":[{"@type":"Article","@id":"https:\/\/x-pack.be\/en\/la-nouvelle-generation-de-camions-daf\/#article","isPartOf":{"@id":"https:\/\/x-pack.be\/en\/la-nouvelle-generation-de-camions-daf\/"},"author":{"name":"S\u00e9bastien Peutat","@id":"https:\/\/x-pack.be\/en\/#\/schema\/person\/17d4e5eae66864f868140bcc0ee15a7c"},"headline":"The DAF Trucks New Generation","datePublished":"2021-06-11T09:30:33+00:00","dateModified":"2021-06-11T10:36:27+00:00","mainEntityOfPage":{"@id":"https:\/\/x-pack.be\/en\/la-nouvelle-generation-de-camions-daf\/"},"wordCount":146,"publisher":{"@id":"https:\/\/x-pack.be\/en\/#organization"},"image":{"@id":"https:\/\/x-pack.be\/en\/la-nouvelle-generation-de-camions-daf\/#primaryimage"},"thumbnailUrl":"https:\/\/x-pack.be\/wp-content\/uploads\/2021\/06\/DAF-2-scaled.jpg","inLanguage":"en-US"},{"@type":"WebPage","@id":"https:\/\/x-pack.be\/en\/la-nouvelle-generation-de-camions-daf\/","url":"https:\/\/x-pack.be\/en\/la-nouvelle-generation-de-camions-daf\/","name":"The DAF Trucks New Generation - X-Pack","isPartOf":{"@id":"https:\/\/x-pack.be\/en\/#website"},"primaryImageOfPage":{"@id":"https:\/\/x-pack.be\/en\/la-nouvelle-generation-de-camions-daf\/#primaryimage"},"image":{"@id":"https:\/\/x-pack.be\/en\/la-nouvelle-generation-de-camions-daf\/#primaryimage"},"thumbnailUrl":"https:\/\/x-pack.be\/wp-content\/uploads\/2021\/06\/DAF-2-scaled.jpg","datePublished":"2021-06-11T09:30:33+00:00","dateModified":"2021-06-11T10:36:27+00:00","breadcrumb":{"@id":"https:\/\/x-pack.be\/en\/la-nouvelle-generation-de-camions-daf\/#breadcrumb"},"inLanguage":"en-US","potentialAction":[{"@type":"ReadAction","target":["https:\/\/x-pack.be\/en\/la-nouvelle-generation-de-camions-daf\/"]}]},{"@type":"ImageObject","inLanguage":"en-US","@id":"https:\/\/x-pack.be\/en\/la-nouvelle-generation-de-camions-daf\/#primaryimage","url":"https:\/\/x-pack.be\/wp-content\/uploads\/2021\/06\/DAF-2-scaled.jpg","contentUrl":"https:\/\/x-pack.be\/wp-content\/uploads\/2021\/06\/DAF-2-scaled.jpg","width":2560,"height":1176},{"@type":"BreadcrumbList","@id":"https:\/\/x-pack.be\/en\/la-nouvelle-generation-de-camions-daf\/#breadcrumb","itemListElement":[{"@type":"ListItem","position":1,"name":"Home","item":"https:\/\/x-pack.be\/en\/"},{"@type":"ListItem","position":2,"name":"The DAF Trucks New Generation"}]},{"@type":"WebSite","@id":"https:\/\/x-pack.be\/en\/#website","url":"https:\/\/x-pack.be\/en\/","name":"X-Pack","description":"Conception, d\u00e9veloppement et fabrication de pi\u00e8ces en produits expans\u00e9s moul\u00e9s.","publisher":{"@id":"https:\/\/x-pack.be\/en\/#organization"},"potentialAction":[{"@type":"SearchAction","target":{"@type":"EntryPoint","urlTemplate":"https:\/\/x-pack.be\/en\/?s={search_term_string}"},"query-input":{"@type":"PropertyValueSpecification","valueRequired":true,"valueName":"search_term_string"}}],"inLanguage":"en-US"},{"@type":"Organization","@id":"https:\/\/x-pack.be\/en\/#organization","name":"X-Pack","url":"https:\/\/x-pack.be\/en\/","logo":{"@type":"ImageObject","inLanguage":"en-US","@id":"https:\/\/x-pack.be\/en\/#\/schema\/logo\/image\/","url":"https:\/\/x-pack.be\/wp-content\/uploads\/2020\/06\/favicon-1.png","contentUrl":"https:\/\/x-pack.be\/wp-content\/uploads\/2020\/06\/favicon-1.png","width":3334,"height":3334,"caption":"X-Pack"},"image":{"@id":"https:\/\/x-pack.be\/en\/#\/schema\/logo\/image\/"},"sameAs":["https:\/\/www.linkedin.com\/company\/x-pack-be"]},{"@type":"Person","@id":"https:\/\/x-pack.be\/en\/#\/schema\/person\/17d4e5eae66864f868140bcc0ee15a7c","name":"S\u00e9bastien Peutat","image":{"@type":"ImageObject","inLanguage":"en-US","@id":"https:\/\/secure.gravatar.com\/avatar\/e4e925776f857e6ea6c453060bc09d1f20af09f343d04c77a8c59b7ab602b7ca?s=96&d=mm&r=g","url":"https:\/\/secure.gravatar.com\/avatar\/e4e925776f857e6ea6c453060bc09d1f20af09f343d04c77a8c59b7ab602b7ca?s=96&d=mm&r=g","contentUrl":"https:\/\/secure.gravatar.com\/avatar\/e4e925776f857e6ea6c453060bc09d1f20af09f343d04c77a8c59b7ab602b7ca?s=96&d=mm&r=g","caption":"S\u00e9bastien Peutat"}}]}},"_links":{"self":[{"href":"https:\/\/x-pack.be\/en\/wp-json\/wp\/v2\/posts\/2003","targetHints":{"allow":["GET"]}}],"collection":[{"href":"https:\/\/x-pack.be\/en\/wp-json\/wp\/v2\/posts"}],"about":[{"href":"https:\/\/x-pack.be\/en\/wp-json\/wp\/v2\/types\/post"}],"author":[{"embeddable":true,"href":"https:\/\/x-pack.be\/en\/wp-json\/wp\/v2\/users\/2"}],"replies":[{"embeddable":true,"href":"https:\/\/x-pack.be\/en\/wp-json\/wp\/v2\/comments?post=2003"}],"version-history":[{"count":5,"href":"https:\/\/x-pack.be\/en\/wp-json\/wp\/v2\/posts\/2003\/revisions"}],"predecessor-version":[{"id":2052,"href":"https:\/\/x-pack.be\/en\/wp-json\/wp\/v2\/posts\/2003\/revisions\/2052"}],"wp:featuredmedia":[{"embeddable":true,"href":"https:\/\/x-pack.be\/en\/wp-json\/wp\/v2\/media\/2000"}],"wp:attachment":[{"href":"https:\/\/x-pack.be\/en\/wp-json\/wp\/v2\/media?parent=2003"}],"wp:term":[{"taxonomy":"category","embeddable":true,"href":"https:\/\/x-pack.be\/en\/wp-json\/wp\/v2\/categories?post=2003"},{"taxonomy":"post_tag","embeddable":true,"href":"https:\/\/x-pack.be\/en\/wp-json\/wp\/v2\/tags?post=2003"}],"curies":[{"name":"wp","href":"https:\/\/api.w.org\/{rel}","templated":true}]}}